{"id":155290,"date":"2025-09-08T17:38:36","date_gmt":"2025-09-08T16:38:36","guid":{"rendered":"https:\/\/www.94roomsvatican.com\/?p=155290"},"modified":"2025-09-19T18:07:46","modified_gmt":"2025-09-19T17:07:46","slug":"roma-imperiale-a-settembre-passeggiare","status":"publish","type":"post","link":"https:\/\/www.94roomsvatican.com\/en\/roma-imperiale-a-settembre-passeggiare\/","title":{"rendered":"Roma imperiale a settembre: passeggiate tra Colosseo, Fori e Palatino"},"content":{"rendered":"<p><span style=\"font-weight: 400;\">Settembre, a Roma, \u00e8 un invito implicito a rallentare. Le temperature pi\u00f9 miti rispetto all\u2019agosto rovente rendono le giornate piacevoli e le ore pomeridiane perfette per esplorare. \u00c8 il mese ideale questo per chi desidera scoprire la citt\u00e0 senza l\u2019assalto delle folle e senza il bisogno costante di rifugiarsi all\u2019ombra. Passeggiare nella <strong>Roma imperiale<\/strong> a settembre significa lasciarsi guidare dalla storia che abita ogni pietra, ogni arco, ogni colonna, in un dialogo continuo tra presente e passato.<\/span><\/p>\n<p><span style=\"font-weight: 400;\">La luce settembrina, morbida e obliqua, accarezza i monumenti rendendoli pi\u00f9 fotogenici che mai: il <\/span><b>The Colosseum<\/b><span style=\"font-weight: 400;\">, i <\/span><b>Imperial Forums<\/b><span style=\"font-weight: 400;\">, il <\/span><b>Palatino<\/b><span style=\"font-weight: 400;\">. In questo periodo dell\u2019anno, il turismo si fa meno caotico e pi\u00f9 consapevole, e visitare la citt\u00e0 significa viverla in una dimensione quasi intima. Non si tratta solo di scattare fotografie o spuntare tappe da una lista, ma di immergersi in un itinerario culturale che ha il passo lento delle grandi scoperte. Per questo, <\/span><b>Roma imperiale a settembre<\/b><span style=\"font-weight: 400;\"> rappresenta un percorso privilegiato per riscoprire il senso pi\u00f9 autentico del viaggiare, che \u00e8 quello di osservare, comprendere, contemplare.<\/span><\/p>\n<h2><b>Il Colosseo e la sua eredit\u00e0 millenaria in una Roma Imperiale<\/b><\/h2>\n<div id=\"attachment_155293\" style=\"width: 650px\" class=\"wp-caption alignnone\"><img fetchpriority=\"high\" decoding=\"async\" aria-describedby=\"caption-attachment-155293\" class=\"wp-image-155293 size-full\" src=\"https:\/\/www.94roomsvatican.com\/wp-content\/uploads\/2025\/09\/rome-italy-june-28-2019-ruins-of-colosseum-an-2024-11-11-05-46-57-utc-1.jpg\" alt=\"Roma imperiale\" width=\"640\" height=\"427\" srcset=\"https:\/\/www.94roomsvatican.com\/wp-content\/uploads\/2025\/09\/rome-italy-june-28-2019-ruins-of-colosseum-an-2024-11-11-05-46-57-utc-1.jpg 640w, https:\/\/www.94roomsvatican.com\/wp-content\/uploads\/2025\/09\/rome-italy-june-28-2019-ruins-of-colosseum-an-2024-11-11-05-46-57-utc-1-300x200.jpg 300w, https:\/\/www.94roomsvatican.com\/wp-content\/uploads\/2025\/09\/rome-italy-june-28-2019-ruins-of-colosseum-an-2024-11-11-05-46-57-utc-1-18x12.jpg 18w, https:\/\/www.94roomsvatican.com\/wp-content\/uploads\/2025\/09\/rome-italy-june-28-2019-ruins-of-colosseum-an-2024-11-11-05-46-57-utc-1-112x75.jpg 112w, https:\/\/www.94roomsvatican.com\/wp-content\/uploads\/2025\/09\/rome-italy-june-28-2019-ruins-of-colosseum-an-2024-11-11-05-46-57-utc-1-480x320.jpg 480w\" sizes=\"(max-width:767px) 480px, 640px\" \/><p id=\"caption-attachment-155293\" class=\"wp-caption-text\">Roma imperiale<\/p><\/div>\n<p><span style=\"font-weight: 400;\">Simbolo per eccellenza dell&#8217;antica Roma, il <\/span><a href=\"https:\/\/colosseo.it\/\" target=\"_blank\" rel=\"noopener\"><b>The Colosseum<\/b><\/a><span style=\"font-weight: 400;\"> \u00e8 pi\u00f9 di un monumento, \u00e8 una presenza imponente che domina il paesaggio urbano, crocevia di storia, leggenda e cultura. Visitare il Colosseo a settembre significa ammirarlo nella stagione in cui la sua pietra travertina riflette la luce in modo caldo e vibrante, creando sfumature che sembrano cambiare a ogni ora del giorno. Iniziare l&#8217;esplorazione di Roma imperiale da qui \u00e8 naturale: l&#8217;anfiteatro Flavio rappresenta non solo la grandiosit\u00e0 dell&#8217;impero romano ma anche la complessit\u00e0 di una civilt\u00e0 che ha saputo coniugare tecnica, spettacolo e propaganda.<\/span><\/p>\n<p><span style=\"font-weight: 400;\">A settembre, la visita al Colosseo, come tappa di una Roma imperiale, pu\u00f2 diventare ancora pi\u00f9 suggestiva se si sceglie l&#8217;opzione serale o quella che include l&#8217;accesso all&#8217;arena e ai sotterranei. Camminare dove un tempo si muovevano i gladiatori, affacciarsi sull&#8217;arena e guardare verso le gradinate oggi vuote, lascia un&#8217;impressione profonda. Ogni angolo racconta storie di folla, di battaglie simulate, di animali esotici, di imperatori seduti sugli scranni pi\u00f9 alti. La grandezza di Roma si misura anche attraverso questi dettagli, e <\/span><b>Roma imperiale<\/b><span style=\"font-weight: 400;\"> sa restituire tutta la potenza evocativa del luogo.\u00a0<\/span><span style=\"font-weight: 400;\">Non va dimenticato che il Colosseo \u00e8 anche luogo di riflessione. Le recenti iniziative per valorizzare il monumento in chiave educativa e sostenibile offrono ai visitatori nuovi percorsi interpretativi. Oltre alle visite classiche, \u00e8 possibile consultare il sito ufficiale del Parco archeologico del Colosseo per scoprire eventi temporanei, aperture straordinarie e approfondimenti storici. Settembre, da questo punto di vista, si conferma mese ideale anche per partecipare a visite guidate tematiche e a iniziative culturali pensate per chi vuole andare oltre la superficie.<\/span><\/p>\n<p><span style=\"font-weight: 400;\">Ma la potenza del Colosseo non si esaurisce nella sua architettura di una Roma imperiale. Lo sguardo pu\u00f2 allargarsi verso il <\/span><b>Ludus Magnus<\/b><span style=\"font-weight: 400;\">, la palestra dei gladiatori, parzialmente visibile accanto alla struttura principale, oppure proseguire lungo <\/span><b>Via di San Giovanni in Laterano<\/b><span style=\"font-weight: 400;\">, costellata di scorci e locali che, pur moderni, si inseriscono armonicamente in questo scenario carico di memoria. <\/span><span style=\"font-weight: 400;\">E ancora, si pu\u00f2 scegliere di salire su uno dei punti panoramici nei dintorni per godere di una vista d&#8217;insieme: dalla <\/span><b>terrazza del Colle Oppio<\/b><span style=\"font-weight: 400;\">, ad esempio, il Colosseo appare in tutto il suo splendore, incorniciato da pini mediterranei e dal profilo della citt\u00e0 antica. Una passeggiata a settembre in questa zona, magari nelle ore meno trafficate della giornata, permette di percepire tutta la densit\u00e0 storica del luogo.<\/span><\/p>\n<p><span style=\"font-weight: 400;\">Chi visita <\/span><b>Roma imperiale<\/b><span style=\"font-weight: 400;\">\u00a0partendo dal Colosseo ha la sensazione di aprire un volume antico, di cui si possono ancora sfogliare le pagine con calma. Non \u00e8 raro vedere viaggiatori seduti ai bordi della piazza, mappa alla mano, o studenti con taccuini e schizzi, intenti a cogliere proporzioni, ombre, dettagli. La bellezza \u00e8 ovunque, ma \u00e8 la calma di settembre a renderla pienamente accessibile.<\/span><\/p>\n<p><span style=\"font-weight: 400;\">Dal Colosseo, si pu\u00f2 proseguire idealmente verso i <\/span><b>Imperial Forums<\/b><span style=\"font-weight: 400;\">, di cui parleremo nel prossimo paragrafo, lasciando che l&#8217;itinerario si sviluppi come un racconto: denso, articolato, stratificato. Perch\u00e9 Roma non si esaurisce in uno sguardo, ma chiede tempo, attenzione, pazienza. E settembre, con la sua luce e la sua temperatura, \u00e8 il momento perfetto per concederglieli.<\/span><\/p>\n<h3><b>Camminare nella Storia: dai Fori Imperiali al Palatino, tra rovine e memorie antiche<\/b><\/h3>\n<div id=\"attachment_155294\" style=\"width: 650px\" class=\"wp-caption alignnone\"><img decoding=\"async\" aria-describedby=\"caption-attachment-155294\" class=\"wp-image-155294 size-full\" src=\"https:\/\/www.94roomsvatican.com\/wp-content\/uploads\/2025\/09\/ruins-in-the-roman-forum-2025-03-24-00-50-57-utc.jpg\" alt=\"Roma imperiale\" width=\"640\" height=\"427\" srcset=\"https:\/\/www.94roomsvatican.com\/wp-content\/uploads\/2025\/09\/ruins-in-the-roman-forum-2025-03-24-00-50-57-utc.jpg 640w, https:\/\/www.94roomsvatican.com\/wp-content\/uploads\/2025\/09\/ruins-in-the-roman-forum-2025-03-24-00-50-57-utc-300x200.jpg 300w, https:\/\/www.94roomsvatican.com\/wp-content\/uploads\/2025\/09\/ruins-in-the-roman-forum-2025-03-24-00-50-57-utc-18x12.jpg 18w, https:\/\/www.94roomsvatican.com\/wp-content\/uploads\/2025\/09\/ruins-in-the-roman-forum-2025-03-24-00-50-57-utc-112x75.jpg 112w, https:\/\/www.94roomsvatican.com\/wp-content\/uploads\/2025\/09\/ruins-in-the-roman-forum-2025-03-24-00-50-57-utc-480x320.jpg 480w\" sizes=\"(max-width:767px) 480px, 640px\" \/><p id=\"caption-attachment-155294\" class=\"wp-caption-text\">Roma imperiale<\/p><\/div>\n<p><span style=\"font-weight: 400;\">C\u2019\u00e8 un momento, tra la tarda mattinata e il primo pomeriggio di settembre, in cui la luce si posa in modo particolare su Roma Imperiale e le ombre si accorciano, le pietre antiche si scaldano sotto un sole gentile, e i suoni della citt\u00e0 sembrano attenuarsi in favore di un silenzio rispettoso, quasi liturgico. \u00c8 in questo contesto che una passeggiata tra i <\/span><b>Imperial Forums<\/b><span style=\"font-weight: 400;\"> e il <\/span><b>Palatino<\/b><span style=\"font-weight: 400;\"> si trasforma da semplice visita turistica in un vero e proprio viaggio nel tempo., <\/span><span style=\"font-weight: 400;\">The <\/span><b>Imperial Forums<\/b><span style=\"font-weight: 400;\"> rappresentano infatti uno dei complessi archeologici pi\u00f9 straordinari al mondo. Non si tratta solo di un insieme di rovine, ma di un corpo vivo, stratificato, che racconta l\u2019ambizione e l\u2019ordine, la potenza e la decadenza dell\u2019Urbe. Fu <\/span><b>Giulio Cesare<\/b><span style=\"font-weight: 400;\">, nel 46 a.C., a inaugurare il primo dei fori, seguito da <\/span><b>Augusto<\/b><span style=\"font-weight: 400;\">, <\/span><b>Nerva<\/b><span style=\"font-weight: 400;\">, <\/span><b>Vespasiano<\/b><span style=\"font-weight: 400;\"> e infine <\/span><b>Traiano<\/b><span style=\"font-weight: 400;\">, il cui foro \u00e8 ancora oggi leggibile in tutta la sua imponenza grazie alla <\/span><b>Colonna Traiana.<\/b><\/p>\n<h3><b>Dove il presente incontra l\u2019eternit\u00e0 per concludere l\u2019esperienza di Roma imperiale nel cuore della citt\u00e0<\/b><\/h3>\n<p><span style=\"font-weight: 400;\">Chi cammina tra le vestigia della <\/span><b>Roma imperiale a settembre<\/b><span style=\"font-weight: 400;\">, torna a casa portando con s\u00e9 pi\u00f9 di una semplice visita turistica. Il tempo speso tra <\/span><b>The Colosseum<\/b><span style=\"font-weight: 400;\">, <\/span><b>Fori<\/b><span style=\"font-weight: 400;\"> and <\/span><b>Palatino<\/b><span style=\"font-weight: 400;\"> non lascia solo fotografie ben riuscite, ma imprime nel cuore la consapevolezza di aver toccato con mano la <\/span><b>grandezza di una civilt\u00e0<\/b><span style=\"font-weight: 400;\"> che ha saputo plasmare l\u2019idea stessa di bellezza, giustizia, potere e cittadinanza. Roma insegna, ma non lo fa con toni altisonanti, pertanto sussurra, lascia intuire, chiede attenzione.<\/span><\/p>\n<p><span style=\"font-weight: 400;\">Settembre \u00e8 il momento perfetto per lasciarsi attraversare da tutto questo. Dopo una giornata tra marmi antichi e affacci mozzafiato di una Roma imperiale, il rientro alla dimensione urbana pu\u00f2 diventare una prosecuzione ideale dell\u2019esperienza, purch\u00e9 avvenga in uno spazio che sappia accogliere con lo stesso calore e la stessa sobriet\u00e0.<\/span><\/p>\n<h3><b>Dove soggiornare per vivere Roma con eleganza e centralit\u00e0<\/b><\/h3>\n<p><span style=\"font-weight: 400;\">Per chi desidera trasformare il proprio soggiorno in un\u2019estensione naturale di questo itinerario tra le meraviglie della Roma antica, <\/span><a href=\"https:\/\/www.94roomsvatican.com\/en\/\"><b>94 Rooms Vatican <\/b><\/a>\u00e8 la scelta ideale.<\/p>\n<p><span style=\"font-weight: 400;\">Non si tratta semplicemente di un luogo dove dormire, ma di un rifugio urbano pensato per chi sa riconoscere il valore dell\u2019ospitalit\u00e0 autentica. Una struttura capace di coniugare <\/span><b>comfort contemporaneo<\/b><span style=\"font-weight: 400;\"> and <\/span><b>posizione strategica<\/b><span style=\"font-weight: 400;\">, a pochi passi da San Pietro e ben collegata a ogni punto di interesse storico, culturale e gastronomico della citt\u00e0. <\/span><span style=\"font-weight: 400;\">Che siate viaggiatori solitari, coppie in cerca di romanticismo, famiglie o appassionati d\u2019arte, <\/span><b>94 Rooms Vatican<\/b><span style=\"font-weight: 400;\"> riesce ad adattarsi con naturalezza alle vostre esigenze, senza mai rinunciare al suo tocco distintivo.<\/span><\/p>\n<p><span style=\"font-weight: 400;\">Soggiornare qui significa, in definitiva, scegliere di <\/span><b>vivere Roma Imperiale con intelligenza<\/b><span style=\"font-weight: 400;\">, evitando le soluzioni caotiche, impersonali o troppo turistiche. Significa respirare un\u2019atmosfera rilassata, ma immersa nel cuore della citt\u00e0. Un punto di partenza e ritorno perfetto per esplorare la <\/span><b>Roma imperiale<\/b><span style=\"font-weight: 400;\">, ma anche la Roma moderna, multiculturale, gastronomica e creativa.<\/span><\/p>","protected":false},"excerpt":{"rendered":"<p>Settembre, a Roma, \u00e8 un invito implicito a rallentare. Le temperature pi\u00f9 miti rispetto all\u2019agosto rovente rendono le giornate piacevoli e<span class=\"excerpt-hellip\"> [\u2026]<\/span><\/p>\n","protected":false},"author":5,"featured_media":155292,"comment_status":"closed","ping_status":"closed","sticky":false,"template":"","format":"standard","meta":{"powered_cache_disable_cache":false,"footnotes":""},"categories":[1,7],"tags":[],"class_list":["post-155290","post","type-post","status-publish","format-standard","has-post-thumbnail","hentry","category-94roomsvatican","category-roma-turismo"],"_links":{"self":[{"href":"https:\/\/www.94roomsvatican.com\/en\/wp-json\/wp\/v2\/posts\/155290","targetHints":{"allow":["GET"]}}],"collection":[{"href":"https:\/\/www.94roomsvatican.com\/en\/wp-json\/wp\/v2\/posts"}],"about":[{"href":"https:\/\/www.94roomsvatican.com\/en\/wp-json\/wp\/v2\/types\/post"}],"author":[{"embeddable":true,"href":"https:\/\/www.94roomsvatican.com\/en\/wp-json\/wp\/v2\/users\/5"}],"replies":[{"embeddable":true,"href":"https:\/\/www.94roomsvatican.com\/en\/wp-json\/wp\/v2\/comments?post=155290"}],"version-history":[{"count":2,"href":"https:\/\/www.94roomsvatican.com\/en\/wp-json\/wp\/v2\/posts\/155290\/revisions"}],"predecessor-version":[{"id":155295,"href":"https:\/\/www.94roomsvatican.com\/en\/wp-json\/wp\/v2\/posts\/155290\/revisions\/155295"}],"wp:featuredmedia":[{"embeddable":true,"href":"https:\/\/www.94roomsvatican.com\/en\/wp-json\/wp\/v2\/media\/155292"}],"wp:attachment":[{"href":"https:\/\/www.94roomsvatican.com\/en\/wp-json\/wp\/v2\/media?parent=155290"}],"wp:term":[{"taxonomy":"category","embeddable":true,"href":"https:\/\/www.94roomsvatican.com\/en\/wp-json\/wp\/v2\/categories?post=155290"},{"taxonomy":"post_tag","embeddable":true,"href":"https:\/\/www.94roomsvatican.com\/en\/wp-json\/wp\/v2\/tags?post=155290"}],"curies":[{"name":"wp","href":"https:\/\/api.w.org\/{rel}","templated":true}]}}