{"id":155273,"date":"2025-08-18T15:53:42","date_gmt":"2025-08-18T14:53:42","guid":{"rendered":"https:\/\/www.94roomsvatican.com\/?p=155273"},"modified":"2025-08-22T16:24:01","modified_gmt":"2025-08-22T15:24:01","slug":"roma-e-il-cinema-estivo-che-incanta","status":"publish","type":"post","link":"https:\/\/www.94roomsvatican.com\/en\/roma-e-il-cinema-estivo-che-incanta\/","title":{"rendered":"Roma e il cinema estivo in una citt\u00e0 che ispira luce, storie e grandi maestri"},"content":{"rendered":"<p><span style=\"font-weight: 400;\">C&#8217;\u00e8 un momento dell&#8217;anno in cui Roma si trasforma in un palcoscenico naturale, dove la luce accesa dell&#8217;estate esalta le sue forme, i suoi silenzi e la sua eterna bellezza.<br \/>\nNon stupisce allora che proprio la stagione estiva abbia ispirato alcuni dei pi\u00f9 grandi registi e attori italiani e internazionali, che hanno scelto Roma come scenario ideale per raccontare storie d&#8217;amore, solitudini urbane, desideri sospesi tra le ombre dei vicoli e i riverberi del Tevere.<br \/>\n<\/span>In questo articolo esploreremo il rapporto tra <b>Roma e il cinema estivo<\/b>, ripercorrendo pellicole leggendarie, scene iconiche e volti indimenticabili che hanno reso la Capitale una protagonista assoluta della settima arte.<\/p>\n<p>&nbsp;<\/p>\n<h2><b>Una scenografia chiamata Roma<\/b><\/h2>\n<div id=\"attachment_155276\" style=\"width: 650px\" class=\"wp-caption alignnone\"><img fetchpriority=\"high\" decoding=\"async\" aria-describedby=\"caption-attachment-155276\" class=\"wp-image-155276 size-full\" src=\"https:\/\/www.94roomsvatican.com\/wp-content\/uploads\/2025\/08\/roma-e-il-cinema-estivo-1.jpg\" alt=\"Roma e il cinema estivo\" width=\"640\" height=\"427\" srcset=\"https:\/\/www.94roomsvatican.com\/wp-content\/uploads\/2025\/08\/roma-e-il-cinema-estivo-1.jpg 640w, https:\/\/www.94roomsvatican.com\/wp-content\/uploads\/2025\/08\/roma-e-il-cinema-estivo-1-300x200.jpg 300w, https:\/\/www.94roomsvatican.com\/wp-content\/uploads\/2025\/08\/roma-e-il-cinema-estivo-1-18x12.jpg 18w, https:\/\/www.94roomsvatican.com\/wp-content\/uploads\/2025\/08\/roma-e-il-cinema-estivo-1-112x75.jpg 112w, https:\/\/www.94roomsvatican.com\/wp-content\/uploads\/2025\/08\/roma-e-il-cinema-estivo-1-480x320.jpg 480w\" sizes=\"(max-width:767px) 480px, 640px\" \/><p id=\"caption-attachment-155276\" class=\"wp-caption-text\">Roma e il cinema estivo<\/p><\/div>\n<p><b><br \/>\n<\/b><span style=\"font-weight: 400;\">Roma \u00e8 stata, sin dagli albori del cinema italiano, un set prediletto. Ma \u00e8 <\/span><b>nei mesi estivi<\/b><span style=\"font-weight: 400;\"> che la citt\u00e0 svela una dimensione narrativa unica: la <\/span><b>luce dorata<\/b><span style=\"font-weight: 400;\"> che si posa sui sanpietrini, i tramonti che infiammano le cupole, le piazze che diventano teatri a cielo aperto. <\/span><b>Federico Fellini<\/b><span style=\"font-weight: 400;\">, che con Roma aveva un rapporto viscerale, gir\u00f2 molte delle sue scene pi\u00f9 visionarie tra le strade del centro: basti pensare alla <\/span><b>sfilata ecclesiastica in &#8220;<a href=\"https:\/\/it.wikipedia.org\/wiki\/Roma_(film_1972)\" target=\"_blank\" rel=\"noopener\">Roma<\/a>&#8221; (1972)<\/b><span style=\"font-weight: 400;\"> o alla dolcezza malinconica che avvolge la citt\u00e0 in <\/span><b>&#8220;<a href=\"https:\/\/www.netflix.com\/it\/title\/60010561\" target=\"_blank\" rel=\"noopener\">La Dolce Vita<\/a>&#8221; (1960)<\/b><span style=\"font-weight: 400;\">, con l&#8217;iconica scena della <\/span><b>Trevi Fountain<\/b><span style=\"font-weight: 400;\">.<\/span><\/p>\n<p><span style=\"font-weight: 400;\">L&#8217;estate romana \u00e8 anche il tempo sospeso di <\/span><b>&#8220;Caro Diario&#8221; (1993)<\/b><span style=\"font-weight: 400;\"> di <\/span><b>Nanni Moretti<\/b><span style=\"font-weight: 400;\">, che in Vespa attraversa una citt\u00e0 svuotata dal turismo e dalla frenesia, trovandovi spazi per riflettere, pensare, osservare. Roma, in questo film, \u00e8 deserta ma viva, intima e poetica, specchio dell&#8217;anima. La <\/span><b>Via del Mare<\/b><span style=\"font-weight: 400;\">, <\/span><b>l&#8217;Eur<\/b><span style=\"font-weight: 400;\">, le strade residenziali e i quartieri poco battuti si rivelano nei dettagli, in una fotografia che esalta la semplicit\u00e0 di ci\u00f2 che resta quando la citt\u00e0 si spoglia del suo frastuono.<\/span><\/p>\n<h3><b>Attori e registi che hanno amato Roma e il cinema estivo<\/b><\/h3>\n<div id=\"attachment_155277\" style=\"width: 650px\" class=\"wp-caption alignnone\"><img decoding=\"async\" aria-describedby=\"caption-attachment-155277\" class=\"wp-image-155277 size-full\" src=\"https:\/\/www.94roomsvatican.com\/wp-content\/uploads\/2025\/08\/roma-e-il-cinema-estivo-2.jpg\" alt=\"Roma e il cinema estivo\" width=\"640\" height=\"427\" srcset=\"https:\/\/www.94roomsvatican.com\/wp-content\/uploads\/2025\/08\/roma-e-il-cinema-estivo-2.jpg 640w, https:\/\/www.94roomsvatican.com\/wp-content\/uploads\/2025\/08\/roma-e-il-cinema-estivo-2-300x200.jpg 300w, https:\/\/www.94roomsvatican.com\/wp-content\/uploads\/2025\/08\/roma-e-il-cinema-estivo-2-18x12.jpg 18w, https:\/\/www.94roomsvatican.com\/wp-content\/uploads\/2025\/08\/roma-e-il-cinema-estivo-2-112x75.jpg 112w, https:\/\/www.94roomsvatican.com\/wp-content\/uploads\/2025\/08\/roma-e-il-cinema-estivo-2-480x320.jpg 480w\" sizes=\"(max-width:767px) 480px, 640px\" \/><p id=\"caption-attachment-155277\" class=\"wp-caption-text\">Roma e il cinema estivo<\/p><\/div>\n<p><b><br \/>\n<\/b><b>Marcello Mastroianni<\/b><span style=\"font-weight: 400;\">, <\/span><b>Anna Magnani<\/b><span style=\"font-weight: 400;\">, <\/span><b>Sophia Loren<\/b><span style=\"font-weight: 400;\">: volti che si confondono con le architetture romane, che sembrano nati per essere raccontati al tramonto, tra <\/span><b>Trastevere district<\/b><span style=\"font-weight: 400;\"> and <\/span><b>Testaccio<\/b><span style=\"font-weight: 400;\">. Roma non \u00e8 solo un luogo fisico ma un <\/span><b>carattere cinematografico<\/b><span style=\"font-weight: 400;\">, una presenza che influenza la recitazione, i ritmi, i silenzi. <\/span><b>Paolo Sorrentino<\/b><span style=\"font-weight: 400;\"> ha fatto della citt\u00e0 il cuore estetico e simbolico de <\/span><b>&#8220;La Grande Bellezza&#8221; (2013)<\/b><span style=\"font-weight: 400;\">, dove <\/span><b>Toni Servillo<\/b><span style=\"font-weight: 400;\"> si aggira tra feste, terrazze e sogni infranti sotto il cielo immobile della Capitale.<\/span><\/p>\n<p><span style=\"font-weight: 400;\">Anche registi stranieri non hanno saputo resistere al fascino estivo di Roma: <\/span><b>Woody Allen<\/b><span style=\"font-weight: 400;\"> ha ambientato qui parte del suo <\/span><b>&#8220;To Rome with Love&#8221; (2012)<\/b><span style=\"font-weight: 400;\">, mentre <\/span><b>Audrey Hepburn<\/b><span style=\"font-weight: 400;\"> and <\/span><b>Gregory Peck<\/b><span style=\"font-weight: 400;\"> l&#8217;hanno immortalata nel tenerissimo <\/span><b>&#8220;<a href=\"https:\/\/www.youtube.com\/watch?v=ewVXNNTD2LE\" target=\"_blank\" rel=\"noopener\">Vacanze Romane<\/a>&#8221; (1953)<\/b><span style=\"font-weight: 400;\">, girato in piena estate con un <\/span><b>Vespa Tour<\/b><span style=\"font-weight: 400;\"> che \u00e8 entrato nella storia.<\/span><\/p>\n<p><span style=\"font-weight: 400;\">Anche i nuovi autori italiani continuano a raccontare Roma con occhi diversi: basti pensare a <\/span><b>Daniele Luchetti<\/b><span style=\"font-weight: 400;\">, <\/span><b>Ferzan \u00d6zpetek<\/b><span style=\"font-weight: 400;\"> o <\/span><b>Gabriele Muccino<\/b><span style=\"font-weight: 400;\">, che nei loro film spesso inseriscono momenti di <\/span><b>estate urbana<\/b><span style=\"font-weight: 400;\">, fatta di attese, di corse nel traffico rarefatto, di malinconie che solo il caldo sa amplificare.<\/span><\/p>\n<h3><b>I luoghi iconici e le estati raccontate sul grande schermo<\/b><\/h3>\n<div id=\"attachment_155280\" style=\"width: 650px\" class=\"wp-caption alignnone\"><img decoding=\"async\" aria-describedby=\"caption-attachment-155280\" class=\"wp-image-155280 size-full\" src=\"https:\/\/www.94roomsvatican.com\/wp-content\/uploads\/2025\/08\/roma-e-il-cinema-estivo-3.jpg\" alt=\"roma e il cinema estivo\" width=\"640\" height=\"427\" srcset=\"https:\/\/www.94roomsvatican.com\/wp-content\/uploads\/2025\/08\/roma-e-il-cinema-estivo-3.jpg 640w, https:\/\/www.94roomsvatican.com\/wp-content\/uploads\/2025\/08\/roma-e-il-cinema-estivo-3-300x200.jpg 300w, https:\/\/www.94roomsvatican.com\/wp-content\/uploads\/2025\/08\/roma-e-il-cinema-estivo-3-18x12.jpg 18w, https:\/\/www.94roomsvatican.com\/wp-content\/uploads\/2025\/08\/roma-e-il-cinema-estivo-3-112x75.jpg 112w, https:\/\/www.94roomsvatican.com\/wp-content\/uploads\/2025\/08\/roma-e-il-cinema-estivo-3-480x320.jpg 480w\" sizes=\"(max-width:767px) 480px, 640px\" \/><p id=\"caption-attachment-155280\" class=\"wp-caption-text\">Roma e il cinema estivo<\/p><\/div>\n<p><b><br \/>\n<\/b><span style=\"font-weight: 400;\">Roma d&#8217;estate \u00e8 <\/span><b>Navona Square<\/b><span style=\"font-weight: 400;\"> bagnata dalla luce dell&#8217;alba, il <\/span><b>Gianicolo<\/b><span style=\"font-weight: 400;\"> al tramonto, le scalinate di <\/span><b>Trinit\u00e0 dei Monti<\/b><span style=\"font-weight: 400;\"> sotto un cielo rosa.<br \/>\nOgni angolo della citt\u00e0 \u00e8 stato celebrato dal cinema, trasformando scorci noti in luoghi dell&#8217;immaginazione. L&#8217;estate ha anche ispirato racconti pi\u00f9 intimi e contemporanei: basti pensare a <\/span><b>&#8220;Estate Romana&#8221; (2000)<\/b><span style=\"font-weight: 400;\"> di <\/span><b>Matteo Garrone<\/b><span style=\"font-weight: 400;\">, in cui la citt\u00e0 appare viva, aspra e bellissima, oppure a <\/span><b>&#8220;Il Primo Giorno d&#8217;Estate&#8221; (2007)<\/b><span style=\"font-weight: 400;\"> di <\/span><b>Enrico Maria Artale<\/b><span style=\"font-weight: 400;\">, dove il caldo si fa atmosfera emotiva, elemento narrativo vero e proprio.<\/span><\/p>\n<p><span style=\"font-weight: 400;\">The <\/span><b>Lungotevere<\/b><span style=\"font-weight: 400;\">, la <\/span><b>Citt\u00e0 Universitaria<\/b><span style=\"font-weight: 400;\"> deserta, le <\/span><b>case popolari del Prenestino<\/b><span style=\"font-weight: 400;\"> o le ville nobiliari sull\u2019<\/span><b>Aventino<\/b><span style=\"font-weight: 400;\">: sono questi gli spazi che il cinema ha saputo rendere eterni. Anche <\/span><b>&#8220;Il talento del calabrone&#8221; (2019)<\/b><span style=\"font-weight: 400;\"> con Sergio Castellitto e Lorenzo Richelmy sfrutta l\u2019atmosfera sospesa di Roma nei mesi pi\u00f9 caldi per costruire una tensione narrativa che poggia proprio sul tempo rallentato dell\u2019estate.<\/span><\/p>\n<p><span style=\"font-weight: 400;\">Roma, quindi, non \u00e8 mai solo sfondo. \u00c8 <\/span><b>personaggio<\/b><span style=\"font-weight: 400;\">, \u00e8 <\/span><b>tema<\/b><span style=\"font-weight: 400;\">, \u00e8 <\/span><b>ispirazione<\/b><span style=\"font-weight: 400;\">. Ogni pellicola estiva ambientata nella citt\u00e0 lascia una traccia di desiderio, di memoria, di promessa visiva. Il cinema non ha fatto che amplificare ci\u00f2 che gi\u00e0 esiste: una citt\u00e0 capace di accogliere, trasformare e restituire storie che appartengono a chiunque le voglia ascoltare.\u00a0<\/span><\/p>\n<p>&nbsp;<\/p>\n<h4><b>Dove alloggiare per vivere la Roma del cinema<\/b><\/h4>\n<p><span style=\"font-weight: 400;\">Chi desidera esplorare <\/span><b>Roma attraverso le sue ispirazioni cinematografiche<\/b><span style=\"font-weight: 400;\"> e cogliere la magia dell&#8217;estate, pu\u00f2 scegliere di soggiornare nel cuore della citt\u00e0, e\u00a0<\/span><i><span style=\"font-weight: 400;\"><strong><a href=\"https:\/\/www.94roomsvatican.com\/en\/\">94 Rooms Vatican<\/a><\/strong><\/span><\/i><span style=\"font-weight: 400;\"> \u00e8 la scelta ideale per chi cerca comfort, centralit\u00e0 e stile. A pochi passi dai luoghi pi\u00f9 iconici del cinema italiano, offre una base perfetta per scoprire la Roma delle pellicole, ma anche quella pi\u00f9 autentica e quotidiana. Scopri di pi\u00f9 sul sito ufficiale 94 Rooms Vatican e inizia il tuo viaggio nella citt\u00e0 eterna, tra arte, storia e sogno. <a href=\"https:\/\/www.94roomsvatican.com\/en\/contatti\/\"><strong>Contact us<\/strong><\/a> oggi steso e prenota ora la tua prossima vacanza.\u00a0<\/span><\/p>","protected":false},"excerpt":{"rendered":"<p>C&#8217;\u00e8 un momento dell&#8217;anno in cui Roma si trasforma in un palcoscenico naturale, dove la luce accesa dell&#8217;estate esalta le sue<span class=\"excerpt-hellip\"> [\u2026]<\/span><\/p>\n","protected":false},"author":5,"featured_media":155275,"comment_status":"closed","ping_status":"closed","sticky":false,"template":"","format":"standard","meta":{"powered_cache_disable_cache":false,"footnotes":""},"categories":[1,7],"tags":[],"class_list":["post-155273","post","type-post","status-publish","format-standard","has-post-thumbnail","hentry","category-94roomsvatican","category-roma-turismo"],"_links":{"self":[{"href":"https:\/\/www.94roomsvatican.com\/en\/wp-json\/wp\/v2\/posts\/155273","targetHints":{"allow":["GET"]}}],"collection":[{"href":"https:\/\/www.94roomsvatican.com\/en\/wp-json\/wp\/v2\/posts"}],"about":[{"href":"https:\/\/www.94roomsvatican.com\/en\/wp-json\/wp\/v2\/types\/post"}],"author":[{"embeddable":true,"href":"https:\/\/www.94roomsvatican.com\/en\/wp-json\/wp\/v2\/users\/5"}],"replies":[{"embeddable":true,"href":"https:\/\/www.94roomsvatican.com\/en\/wp-json\/wp\/v2\/comments?post=155273"}],"version-history":[{"count":4,"href":"https:\/\/www.94roomsvatican.com\/en\/wp-json\/wp\/v2\/posts\/155273\/revisions"}],"predecessor-version":[{"id":155281,"href":"https:\/\/www.94roomsvatican.com\/en\/wp-json\/wp\/v2\/posts\/155273\/revisions\/155281"}],"wp:featuredmedia":[{"embeddable":true,"href":"https:\/\/www.94roomsvatican.com\/en\/wp-json\/wp\/v2\/media\/155275"}],"wp:attachment":[{"href":"https:\/\/www.94roomsvatican.com\/en\/wp-json\/wp\/v2\/media?parent=155273"}],"wp:term":[{"taxonomy":"category","embeddable":true,"href":"https:\/\/www.94roomsvatican.com\/en\/wp-json\/wp\/v2\/categories?post=155273"},{"taxonomy":"post_tag","embeddable":true,"href":"https:\/\/www.94roomsvatican.com\/en\/wp-json\/wp\/v2\/tags?post=155273"}],"curies":[{"name":"wp","href":"https:\/\/api.w.org\/{rel}","templated":true}]}}